{"id":10866,"date":"2025-07-02T19:04:08","date_gmt":"2025-07-02T17:04:08","guid":{"rendered":"https:\/\/grs-chauffailles.com\/?p=10866"},"modified":"2025-07-02T19:04:08","modified_gmt":"2025-07-02T17:04:08","slug":"clap-de-fin-pour-la-saison-24-25","status":"publish","type":"post","link":"https:\/\/grs-chauffailles.com\/index.php\/2025\/07\/02\/clap-de-fin-pour-la-saison-24-25\/","title":{"rendered":"Clap de fin pour la saison 24-25"},"content":{"rendered":"\n<p>C&rsquo;est par un soleil radieux que nous avons fait notre derni\u00e8re sortie Marche Nordique de la saison.<\/p>\n\n\n\n<p>Heureusement notre parcours \u00e9tait relativement ombrag\u00e9.<\/p>\n\n\n\n<p>Les \u00e9tirements \u00e0 la fin de s\u00e9ance ont \u00e9t\u00e9 tr\u00e8s appr\u00e9ci\u00e9s, comme le montre les photos .<\/p>\n\n\n\n<p>Nous ne sommes pas en train de dormir mais de se concentrer sur notre rel\u00e2chement du dos et des jambes.<\/p>\n\n\n\n<p>Pour terminer une collation \u00e9tait la bienvenue et la bonne humeur \u00e9tait de mise.<\/p>\n\n\n\n<p>Sant\u00e9 \u00e0 tous, passez un bel \u00e9t\u00e9. <\/p>\n\n\n\n<p><strong>On se retrouve mi-septembre<\/strong><\/p>\n\n\n\n<p>Colette J.<\/p>\n\n\n\n<figure class=\"wp-block-gallery has-nested-images columns-default is-cropped wp-block-gallery-1 is-layout-flex wp-block-gallery-is-layout-flex\">\n<figure class=\"wp-block-image size-large\"><img decoding=\"async\" data-id=\"10864\" src=\"https:\/\/grs-chauffailles.com\/wp-content\/uploads\/2025\/07\/02-07-2025-MN-08.jpg\" alt=\"\" class=\"wp-image-10864\" \/><\/figure>\n\n\n\n<figure class=\"wp-block-image size-large\"><img decoding=\"async\" data-id=\"10865\" src=\"https:\/\/grs-chauffailles.com\/wp-content\/uploads\/2025\/07\/02-07-2025-MN-09.jpg\" alt=\"\" class=\"wp-image-10865\" \/><\/figure>\n\n\n\n<figure class=\"wp-block-image size-large\"><img decoding=\"async\" data-id=\"10862\" src=\"https:\/\/grs-chauffailles.com\/wp-content\/uploads\/2025\/07\/02-07-2025-MN-04.jpg\" alt=\"\" class=\"wp-image-10862\" \/><\/figure>\n\n\n\n<figure class=\"wp-block-image size-large\"><img decoding=\"async\" data-id=\"10863\" src=\"https:\/\/grs-chauffailles.com\/wp-content\/uploads\/2025\/07\/02-07-2025-MN-05.jpg\" alt=\"\" class=\"wp-image-10863\" \/><\/figure>\n\n\n\n<figure class=\"wp-block-image size-large\"><img decoding=\"async\" data-id=\"10861\" src=\"https:\/\/grs-chauffailles.com\/wp-content\/uploads\/2025\/07\/02-07-2025-MN-01.jpg\" alt=\"\" class=\"wp-image-10861\" \/><\/figure>\n<\/figure>\n","protected":false},"excerpt":{"rendered":"<p>C&rsquo;est par un soleil radieux que nous avons fait notre derni\u00e8re sortie Marche Nordique de la saison. Heureusement notre parcours \u00e9tait relativement ombrag\u00e9. Les \u00e9tirements \u00e0 la fin de s\u00e9ance ont \u00e9t\u00e9 tr\u00e8s appr\u00e9ci\u00e9s,&#46;&#46;&#46;<\/p>\n","protected":false},"author":11,"featured_media":0,"comment_status":"closed","ping_status":"open","sticky":false,"template":"","format":"standard","meta":{"footnotes":""},"categories":[122],"tags":[],"class_list":["post-10866","post","type-post","status-publish","format-standard","hentry","category-marche-nordique"],"_links":{"self":[{"href":"https:\/\/grs-chauffailles.com\/index.php\/wp-json\/wp\/v2\/posts\/10866","targetHints":{"allow":["GET"]}}],"collection":[{"href":"https:\/\/grs-chauffailles.com\/index.php\/wp-json\/wp\/v2\/posts"}],"about":[{"href":"https:\/\/grs-chauffailles.com\/index.php\/wp-json\/wp\/v2\/types\/post"}],"author":[{"embeddable":true,"href":"https:\/\/grs-chauffailles.com\/index.php\/wp-json\/wp\/v2\/users\/11"}],"replies":[{"embeddable":true,"href":"https:\/\/grs-chauffailles.com\/index.php\/wp-json\/wp\/v2\/comments?post=10866"}],"version-history":[{"count":0,"href":"https:\/\/grs-chauffailles.com\/index.php\/wp-json\/wp\/v2\/posts\/10866\/revisions"}],"wp:attachment":[{"href":"https:\/\/grs-chauffailles.com\/index.php\/wp-json\/wp\/v2\/media?parent=10866"}],"wp:term":[{"taxonomy":"category","embeddable":true,"href":"https:\/\/grs-chauffailles.com\/index.php\/wp-json\/wp\/v2\/categories?post=10866"},{"taxonomy":"post_tag","embeddable":true,"href":"https:\/\/grs-chauffailles.com\/index.php\/wp-json\/wp\/v2\/tags?post=10866"}],"curies":[{"name":"wp","href":"https:\/\/api.w.org\/{rel}","templated":true}]}}