{"id":15710,"date":"2026-09-01T18:12:02","date_gmt":"2026-09-01T16:12:02","guid":{"rendered":"https:\/\/grs-chauffailles.com\/?p=15710"},"modified":"2026-09-01T18:12:03","modified_gmt":"2026-09-01T16:12:03","slug":"date-de-reprise-aquagym","status":"publish","type":"post","link":"https:\/\/grs-chauffailles.com\/index.php\/2026\/09\/01\/date-de-reprise-aquagym\/","title":{"rendered":"Date de reprise Aquagym"},"content":{"rendered":"\n<p class=\"wp-block-paragraph\">Bonjour<\/p>\n\n\n\n<p class=\"has-medium-font-size wp-block-paragraph\"><mark class=\"has-inline-color has-luminous-vivid-amber-color\"><strong>A ce jour, il ne nous est pas possible de fixer la date de reprise de cette activit\u00e9<\/strong><\/mark><mark class=\"has-inline-color has-luminous-vivid-orange-color\"><strong>.<\/strong><\/mark><\/p>\n\n\n\n<p class=\"wp-block-paragraph\">Nous vous joignons la copie du mail re\u00e7u et concernant la piscine du Coteau.<\/p>\n\n\n\n<p class=\"wp-block-paragraph\">D\u00e8s que nous conna\u00eetrons la date d&rsquo;ouverture de l&rsquo;\u00e9quipement, nous vous en informerons.<\/p>\n\n\n\n<p class=\"has-medium-font-size wp-block-paragraph\"><mark class=\"has-inline-color has-luminous-vivid-amber-color\"><strong>A bient\u00f4t dans le bassin.<\/strong><\/mark><\/p>\n\n\n\n<p class=\"wp-block-paragraph\">Odile<\/p>\n\n\n\n<hr class=\"wp-block-separator has-alpha-channel-opacity\" \/>\n\n\n\n<p class=\"wp-block-paragraph\"><em>Bonjour \u00e0 toutes et tous<\/em><\/p>\n\n\n\n<p class=\"wp-block-paragraph\"><em>La commune du Coteau \u00e9tant actuellement plac\u00e9e au niveau \u00ab&nbsp;crise&nbsp;\u00bb au vu de la s\u00e9cheresse, des mesures strictes de restriction des usages de l\u2019eau sont applicables sur son territoire.<\/em><\/p>\n\n\n\n<p class=\"wp-block-paragraph\"><em>Conform\u00e9ment aux dispositions de l\u2019arr\u00eat\u00e9 pr\u00e9fectoral du 18 ao\u00fbt 2026, le remplissage du bassin du centre nautique Lucien Burdin ne peut actuellement \u00eatre autoris\u00e9. Celui-ci avait \u00e9t\u00e9 vidang\u00e9 \u00e0 la fin du mois de juin afin de permettre la r\u00e9alisation d\u2019op\u00e9rations de maintenance.<\/em><\/p>\n\n\n\n<p class=\"wp-block-paragraph\"><em>Dans ces conditions, l\u2019\u00e9tablissement ne pourra pas rouvrir \u00e0 la date initialement pr\u00e9vue du 31 ao\u00fbt 2026. En cons\u00e9quence, l\u2019ensemble des cr\u00e9neaux programm\u00e9s \u00e0 compter de cette date est annul\u00e9 jusqu\u2019\u00e0 nouvel ordre.<\/em><\/p>\n\n\n\n<p class=\"wp-block-paragraph\"><em>Nous sommes pleinement conscients des difficult\u00e9s que cette situation exceptionnelle est susceptible d\u2019occasionner dans l\u2019organisation de vos activit\u00e9s. Celle-ci r\u00e9sulte toutefois de l\u2019application de mesures r\u00e9glementaires qui s\u2019imposent \u00e0 Roannais Agglom\u00e9ration<\/em>.<\/p>\n\n\n\n<p class=\"wp-block-paragraph\"><em>Vous serez inform\u00e9s dans les meilleurs d\u00e9lais de toute \u00e9volution permettant d\u2019envisager la remise en service et la r\u00e9ouverture de l\u2019\u00e9quipement<\/em>.<\/p>\n\n\n\n<p class=\"wp-block-paragraph\"><em>Nous vous remercions de votre compr\u00e9hension.<\/em><\/p>\n\n\n\n<p class=\"wp-block-paragraph\"><\/p>\n\n\n\n<p class=\"wp-block-paragraph\"><\/p>\n","protected":false},"excerpt":{"rendered":"<p>Bonjour A ce jour, il ne nous est pas possible de fixer la date de reprise de cette activit\u00e9. Nous vous joignons la copie du mail re\u00e7u et concernant la piscine du Coteau. D\u00e8s&#46;&#46;&#46;<\/p>\n","protected":false},"author":15,"featured_media":0,"comment_status":"closed","ping_status":"open","sticky":false,"template":"","format":"standard","meta":{"footnotes":""},"categories":[116],"tags":[],"class_list":["post-15710","post","type-post","status-publish","format-standard","hentry","category-aquagym"],"_links":{"self":[{"href":"https:\/\/grs-chauffailles.com\/index.php\/wp-json\/wp\/v2\/posts\/15710","targetHints":{"allow":["GET"]}}],"collection":[{"href":"https:\/\/grs-chauffailles.com\/index.php\/wp-json\/wp\/v2\/posts"}],"about":[{"href":"https:\/\/grs-chauffailles.com\/index.php\/wp-json\/wp\/v2\/types\/post"}],"author":[{"embeddable":true,"href":"https:\/\/grs-chauffailles.com\/index.php\/wp-json\/wp\/v2\/users\/15"}],"replies":[{"embeddable":true,"href":"https:\/\/grs-chauffailles.com\/index.php\/wp-json\/wp\/v2\/comments?post=15710"}],"version-history":[{"count":9,"href":"https:\/\/grs-chauffailles.com\/index.php\/wp-json\/wp\/v2\/posts\/15710\/revisions"}],"predecessor-version":[{"id":15719,"href":"https:\/\/grs-chauffailles.com\/index.php\/wp-json\/wp\/v2\/posts\/15710\/revisions\/15719"}],"wp:attachment":[{"href":"https:\/\/grs-chauffailles.com\/index.php\/wp-json\/wp\/v2\/media?parent=15710"}],"wp:term":[{"taxonomy":"category","embeddable":true,"href":"https:\/\/grs-chauffailles.com\/index.php\/wp-json\/wp\/v2\/categories?post=15710"},{"taxonomy":"post_tag","embeddable":true,"href":"https:\/\/grs-chauffailles.com\/index.php\/wp-json\/wp\/v2\/tags?post=15710"}],"curies":[{"name":"wp","href":"https:\/\/api.w.org\/{rel}","templated":true}]}}