{"id":8053,"date":"2025-02-08T14:51:39","date_gmt":"2025-02-08T13:51:39","guid":{"rendered":"https:\/\/grs-chauffailles.com\/?p=8053"},"modified":"2025-02-08T14:51:41","modified_gmt":"2025-02-08T13:51:41","slug":"les-pas-tranquilles-a-villers","status":"publish","type":"post","link":"https:\/\/grs-chauffailles.com\/index.php\/2025\/02\/08\/les-pas-tranquilles-a-villers\/","title":{"rendered":"Les Pas Tranquilles \u00e0 Villers"},"content":{"rendered":"\n<p>Mardi 4 f\u00e9vrier 2025, nous sommes 14 \u00e0 affronter par un temps brumeux les 7,100km de marche sur le plateau de Villers. Tr\u00e8s peu de d\u00e9nivel\u00e9 et des sentiers, malgr\u00e9 tout, propres et peu boueux. <\/p>\n\n\n\n<figure class=\"wp-block-image size-full\"><img loading=\"lazy\" decoding=\"async\" width=\"1024\" height=\"768\" src=\"https:\/\/grs-chauffailles.com\/wp-content\/uploads\/2025\/02\/20250204_150328-1.jpg\" alt=\"\" class=\"wp-image-8060\" srcset=\"https:\/\/grs-chauffailles.com\/wp-content\/uploads\/2025\/02\/20250204_150328-1.jpg 1024w, https:\/\/grs-chauffailles.com\/wp-content\/uploads\/2025\/02\/20250204_150328-1-300x225.jpg 300w, https:\/\/grs-chauffailles.com\/wp-content\/uploads\/2025\/02\/20250204_150328-1-768x576.jpg 768w\" sizes=\"auto, (max-width: 1024px) 100vw, 1024px\" \/><\/figure>\n\n\n\n<p>Miraculeusement, le soleil r\u00e9ussit \u00e0 percer le brouillard et nous avons termin\u00e9 notre randonn\u00e9e non pas dans la chaleur mais sous de doux rayons qui nous ont confort\u00e9s dans notre d\u00e9cision de marcher par tous les temps. Surtout apr\u00e8s l&rsquo;affront subi la semaine pr\u00e9c\u00e9dente ! Nous avions abandonn\u00e9 en cours de route la sortie \u00e0 Saint-Symphorien, la pluie ayant eu raison de notre bonne volont\u00e9.<\/p>\n\n\n\n<figure class=\"wp-block-image size-full\"><img loading=\"lazy\" decoding=\"async\" width=\"1024\" height=\"768\" src=\"https:\/\/grs-chauffailles.com\/wp-content\/uploads\/2025\/02\/20250204_150818-1.jpg\" alt=\"\" class=\"wp-image-8061\" srcset=\"https:\/\/grs-chauffailles.com\/wp-content\/uploads\/2025\/02\/20250204_150818-1.jpg 1024w, https:\/\/grs-chauffailles.com\/wp-content\/uploads\/2025\/02\/20250204_150818-1-300x225.jpg 300w, https:\/\/grs-chauffailles.com\/wp-content\/uploads\/2025\/02\/20250204_150818-1-768x576.jpg 768w\" sizes=\"auto, (max-width: 1024px) 100vw, 1024px\" \/><\/figure>\n\n\n\n<div style=\"height:13px\" aria-hidden=\"true\" class=\"wp-block-spacer\"><\/div>\n\n\n\n<figure class=\"wp-block-gallery has-nested-images columns-default is-cropped wp-block-gallery-1 is-layout-flex wp-block-gallery-is-layout-flex\">\n<figure class=\"wp-block-image size-full\"><img loading=\"lazy\" decoding=\"async\" width=\"1024\" height=\"768\" data-id=\"8062\" src=\"https:\/\/grs-chauffailles.com\/wp-content\/uploads\/2025\/02\/20250204_151343-1.jpg\" alt=\"\" class=\"wp-image-8062\" srcset=\"https:\/\/grs-chauffailles.com\/wp-content\/uploads\/2025\/02\/20250204_151343-1.jpg 1024w, https:\/\/grs-chauffailles.com\/wp-content\/uploads\/2025\/02\/20250204_151343-1-300x225.jpg 300w, https:\/\/grs-chauffailles.com\/wp-content\/uploads\/2025\/02\/20250204_151343-1-768x576.jpg 768w\" sizes=\"auto, (max-width: 1024px) 100vw, 1024px\" \/><\/figure>\n<\/figure>\n\n\n\n<div style=\"height:15px\" aria-hidden=\"true\" class=\"wp-block-spacer\"><\/div>\n\n\n\n<figure class=\"wp-block-gallery has-nested-images columns-default is-cropped wp-block-gallery-2 is-layout-flex wp-block-gallery-is-layout-flex\">\n<figure class=\"wp-block-image size-large\"><img loading=\"lazy\" decoding=\"async\" width=\"1024\" height=\"768\" data-id=\"8066\" src=\"https:\/\/grs-chauffailles.com\/wp-content\/uploads\/2025\/02\/20250204_151356-2.jpg\" alt=\"\" class=\"wp-image-8066\" srcset=\"https:\/\/grs-chauffailles.com\/wp-content\/uploads\/2025\/02\/20250204_151356-2.jpg 1024w, https:\/\/grs-chauffailles.com\/wp-content\/uploads\/2025\/02\/20250204_151356-2-300x225.jpg 300w, https:\/\/grs-chauffailles.com\/wp-content\/uploads\/2025\/02\/20250204_151356-2-768x576.jpg 768w\" sizes=\"auto, (max-width: 1024px) 100vw, 1024px\" \/><\/figure>\n<\/figure>\n\n\n\n<p>Nous trouvons dans ces sorties hebdomadaires ce que nous m\u00eame y apportons avec nous : bonne humeur, int\u00e9r\u00eat pour tout ce qui nous entoure et un certain sentiment de libert\u00e9 et d&rsquo;autonomie. J&rsquo;esp\u00e8re que c&rsquo;est aussi ce que vous ressentez.<\/p>\n\n\n\n<p>Christine. <\/p>\n","protected":false},"excerpt":{"rendered":"<p>Mardi 4 f\u00e9vrier 2025, nous sommes 14 \u00e0 affronter par un temps brumeux les 7,100km de marche sur le plateau de Villers. Tr\u00e8s peu de d\u00e9nivel\u00e9 et des sentiers, malgr\u00e9 tout, propres et peu&#46;&#46;&#46;<\/p>\n","protected":false},"author":9,"featured_media":0,"comment_status":"closed","ping_status":"open","sticky":false,"template":"","format":"standard","meta":{"footnotes":""},"categories":[21],"tags":[],"class_list":["post-8053","post","type-post","status-publish","format-standard","hentry","category-randonnees-pedestres"],"_links":{"self":[{"href":"https:\/\/grs-chauffailles.com\/index.php\/wp-json\/wp\/v2\/posts\/8053","targetHints":{"allow":["GET"]}}],"collection":[{"href":"https:\/\/grs-chauffailles.com\/index.php\/wp-json\/wp\/v2\/posts"}],"about":[{"href":"https:\/\/grs-chauffailles.com\/index.php\/wp-json\/wp\/v2\/types\/post"}],"author":[{"embeddable":true,"href":"https:\/\/grs-chauffailles.com\/index.php\/wp-json\/wp\/v2\/users\/9"}],"replies":[{"embeddable":true,"href":"https:\/\/grs-chauffailles.com\/index.php\/wp-json\/wp\/v2\/comments?post=8053"}],"version-history":[{"count":0,"href":"https:\/\/grs-chauffailles.com\/index.php\/wp-json\/wp\/v2\/posts\/8053\/revisions"}],"wp:attachment":[{"href":"https:\/\/grs-chauffailles.com\/index.php\/wp-json\/wp\/v2\/media?parent=8053"}],"wp:term":[{"taxonomy":"category","embeddable":true,"href":"https:\/\/grs-chauffailles.com\/index.php\/wp-json\/wp\/v2\/categories?post=8053"},{"taxonomy":"post_tag","embeddable":true,"href":"https:\/\/grs-chauffailles.com\/index.php\/wp-json\/wp\/v2\/tags?post=8053"}],"curies":[{"name":"wp","href":"https:\/\/api.w.org\/{rel}","templated":true}]}}